{"id":4879,"date":"2016-09-05T17:08:30","date_gmt":"2016-09-05T15:08:30","guid":{"rendered":"http:\/\/in-situ.cat\/es\/destacado\/senyalitzacio-turistica-segarra\/"},"modified":"2016-09-07T19:33:00","modified_gmt":"2016-09-07T17:33:00","slug":"senyalitzacio-turistica-segarra","status":"publish","type":"post","link":"https:\/\/www.in-situ.cat\/es\/turismo\/senyalitzacio-turistica-segarra\/","title":{"rendered":"Se\u00f1alizaci\u00f3n tur\u00edstica de La Segarra"},"content":{"rendered":"<div class=\"wonderplugingallery-container\" id=\"wonderplugingallery-container-37\" style=\"max-width:100%;margin:0 auto;\"><div class=\"wonderplugingallery\" id=\"wonderplugingallery-37\" data-width=\"844\" data-height=\"516\" data-skin=\"light\" data-random=\"false\" data-autoslide=\"true\" data-autoplayvideo=\"false\" data-schemamarkup=\"false\" data-hidetitlewhenvideoisplaying=\"true\" data-autoslideandplayafterfirstplayed=\"false\" data-html5player=\"true\" data-responsive=\"true\" data-fullwidth=\"true\" data-showtitle=\"false\" data-showdescription=\"false\" data-showplaybutton=\"false\" data-showfullscreenbutton=\"false\" data-showtimer=\"false\" data-showcarousel=\"true\" data-galleryshadow=\"false\" data-slideshadow=\"false\" data-thumbshowtitle=\"false\" data-thumbshadow=\"false\" data-lightboxshowtitle=\"false\" data-lightboxshowdescription=\"false\" data-specifyid=\"false\" data-donotinit=\"false\" data-addinitscript=\"false\" data-triggerresize=\"false\" data-thumbcolumnsresponsive=\"false\" data-titlesmallscreen=\"false\" data-initsocial=\"false\" data-showsocial=\"false\" data-showfacebook=\"false\" data-showtwitter=\"false\" data-showpinterest=\"false\" data-socialrotateeffect=\"false\" data-duration=\"1500\" data-slideduration=\"1000\" data-slideshowinterval=\"5004\" data-googleanalyticsaccount=\"\" data-resizemode=\"fit\" data-imagetoolboxmode=\"mouseover\" data-effect=\"crossfade\" data-padding=\"0\" data-bgcolor=\"\" data-bgimage=\"\" data-thumbwidth=\"120\" data-thumbheight=\"100\" data-thumbgap=\"8\" data-thumbrowgap=\"16\" data-lightboxtextheight=\"72\" data-lightboxtitlecss=\"{color:#333333; font:bold 12px Arial,Helvetica,sans-serif; overflow:hidden; white-space:normal; line-height:18px;}\" data-lightboxdescriptioncss=\"{color:#333333; font:normal 12px Arial,Helvetica,sans-serif; overflow:hidden; white-space:normal; line-height:14px;}\" data-titlecss=\"{color:#ffffff; font-size:14px; font-family:Armata, sans-serif, Arial; overflow:hidden; white-space:normal; text-align:left; padding:10px 0px 10px 10px;  background:rgb(102, 102, 102) transparent; background:rgba(102, 102, 102, 0.6);}\" data-descriptioncss=\"{color:#ffffff; font-size:12px; font-family:Armata, sans-serif, Arial; overflow:hidden; white-space:normal; text-align:left; padding:0px 0px 10px 10px;  background:rgb(102, 102, 102) transparent; background:rgba(102, 102, 102, 0.6);}\" data-titleheight=\"72\" data-titlesmallscreenwidth=\"640\" data-titleheightsmallscreen=\"148\" data-socialmode=\"mouseover\" data-socialposition=\"position:absolute;top:8px;right:8px;\" data-socialpositionlightbox=\"position:absolute;top:8px;right:8px;\" data-socialdirection=\"horizontal\" data-socialbuttonsize=\"32\" data-socialbuttonfontsize=\"18\" data-triggerresizedelay=\"100\" data-thumbmediumsize=\"800\" data-thumbsmallsize=\"480\" data-thumbmediumwidth=\"64\" data-thumbmediumheight=\"64\" data-thumbsmallwidth=\"48\" data-thumbsmallheight=\"48\" data-jsfolder=\"https:\/\/www.in-situ.cat\/wp-content\/plugins\/wonderplugin-gallery\/engine\/\" style=\"display:none;\" ><a href=\"http:\/\/in-situ.cat\/media\/insitu-turisme-senyalitzacio-segarra-5.jpg\" data-mediatype=1><img class=\"html5galleryimg\" src=\"http:\/\/in-situ.cat\/media\/insitu-turisme-senyalitzacio-segarra-5-150x150.jpg\" alt=\"insitu-turisme-senyalitzacio-segarra-5\"><\/a><a href=\"http:\/\/in-situ.cat\/media\/insitu-turisme-senyalitzacio-segarra-4.jpg\" data-mediatype=1><img class=\"html5galleryimg\" src=\"http:\/\/in-situ.cat\/media\/insitu-turisme-senyalitzacio-segarra-4-150x150.jpg\" alt=\"insitu-turisme-senyalitzacio-segarra-4\"><\/a><a href=\"http:\/\/in-situ.cat\/media\/insitu-turisme-senyalitzacio-segarra-3.jpg\" data-mediatype=1><img class=\"html5galleryimg\" src=\"http:\/\/in-situ.cat\/media\/insitu-turisme-senyalitzacio-segarra-3-150x150.jpg\" alt=\"insitu-turisme-senyalitzacio-segarra-3\"><\/a><a href=\"http:\/\/in-situ.cat\/media\/insitu-turisme-senyalitzacio-segarra-2.jpg\" data-mediatype=1><img class=\"html5galleryimg\" src=\"http:\/\/in-situ.cat\/media\/insitu-turisme-senyalitzacio-segarra-2-150x150.jpg\" alt=\"insitu-turisme-senyalitzacio-segarra-2\"><\/a><a href=\"http:\/\/in-situ.cat\/media\/insitu-turisme-senyalitzacio-segarra-1.jpg\" data-mediatype=1><img class=\"html5galleryimg\" src=\"http:\/\/in-situ.cat\/media\/insitu-turisme-senyalitzacio-segarra-1-150x150.jpg\" alt=\"insitu-turisme-senyalitzacio-segarra-1\"><\/a><div class=\"wonderplugin-engine\"><a href=\"http:\/\/www.wonderplugin.com\/wordpress-gallery\/\" title=\"Responsive WordPress Gallery Plugin\">Responsive WordPress Gallery Plugin<\/a><\/div><\/div><\/div>\n","protected":false},"excerpt":{"rendered":"<p>A trav\u00e9s del Consell Comarcal de La Segarra, se hizo una b\u00fasqueda de los puntos de inter\u00e9s m\u00e1s relevantes de la comarca para su posterior se\u00f1alizaci\u00f3n interpretativa. <\/p>\n","protected":false},"author":3,"featured_media":4086,"comment_status":"closed","ping_status":"closed","sticky":false,"template":"","format":"standard","meta":{"_et_pb_use_builder":"off","_et_pb_old_content":"","_et_gb_content_width":""},"categories":[26,27],"tags":[],"acf":[],"yoast_head":"<!-- This site is optimized with the Yoast SEO plugin v19.13 - https:\/\/yoast.com\/wordpress\/plugins\/seo\/ -->\n<title>Se\u00f1alizaci\u00f3n tur\u00edstica de La Segarra - INSITU - PATRIMONIO Y TURISMO<\/title>\n<meta name=\"description\" content=\"A trav\u00e9s del Consell Comarcal de La Segarra, se hizo una b\u00fasqueda de los puntos de inter\u00e9s m\u00e1s relevantes de la comarca para su posterior se\u00f1alizaci\u00f3n interpretativa.\" \/>\n<meta name=\"robots\" content=\"index, follow, max-snippet:-1, max-image-preview:large, max-video-preview:-1\" \/>\n<link rel=\"canonical\" href=\"https:\/\/www.in-situ.cat\/es\/turismo\/senyalitzacio-turistica-segarra\/\" \/>\n<meta property=\"og:locale\" content=\"es_ES\" \/>\n<meta property=\"og:type\" content=\"article\" \/>\n<meta property=\"og:title\" content=\"Se\u00f1alizaci\u00f3n tur\u00edstica de La Segarra - INSITU - PATRIMONIO Y TURISMO\" \/>\n<meta property=\"og:description\" content=\"A trav\u00e9s del Consell Comarcal de La Segarra, se hizo una b\u00fasqueda de los puntos de inter\u00e9s m\u00e1s relevantes de la comarca para su posterior se\u00f1alizaci\u00f3n interpretativa.\" \/>\n<meta property=\"og:url\" content=\"https:\/\/www.in-situ.cat\/es\/turismo\/senyalitzacio-turistica-segarra\/\" \/>\n<meta property=\"og:site_name\" content=\"INSITU\" \/>\n<meta property=\"article:publisher\" content=\"https:\/\/www.facebook.com\/INSITU.Cultura.Patrimoni.Turisme\/\" \/>\n<meta property=\"article:published_time\" content=\"2016-09-05T15:08:30+00:00\" \/>\n<meta property=\"article:modified_time\" content=\"2016-09-07T17:33:00+00:00\" \/>\n<meta property=\"og:image\" content=\"https:\/\/www.in-situ.cat\/media\/insitu-turisme-senyalitzacio-segarra-1.jpg\" \/>\n\t<meta property=\"og:image:width\" content=\"387\" \/>\n\t<meta property=\"og:image:height\" content=\"516\" \/>\n\t<meta property=\"og:image:type\" content=\"image\/jpeg\" \/>\n<meta name=\"author\" content=\"insitu\" \/>\n<meta name=\"twitter:card\" content=\"summary_large_image\" \/>\n<meta name=\"twitter:creator\" content=\"@insitupatrimoni\" \/>\n<meta name=\"twitter:site\" content=\"@insitupatrimoni\" \/>\n<meta name=\"twitter:label1\" content=\"Escrito por\" \/>\n\t<meta name=\"twitter:data1\" content=\"insitu\" \/>\n<script type=\"application\/ld+json\" class=\"yoast-schema-graph\">{\"@context\":\"https:\/\/schema.org\",\"@graph\":[{\"@type\":\"WebPage\",\"@id\":\"https:\/\/www.in-situ.cat\/es\/turismo\/senyalitzacio-turistica-segarra\/\",\"url\":\"https:\/\/www.in-situ.cat\/es\/turismo\/senyalitzacio-turistica-segarra\/\",\"name\":\"Se\u00f1alizaci\u00f3n tur\u00edstica de La Segarra - INSITU - PATRIMONIO Y TURISMO\",\"isPartOf\":{\"@id\":\"https:\/\/www.in-situ.cat\/#website\"},\"datePublished\":\"2016-09-05T15:08:30+00:00\",\"dateModified\":\"2016-09-07T17:33:00+00:00\",\"author\":{\"@id\":\"https:\/\/www.in-situ.cat\/#\/schema\/person\/7fb3141f99199d5721d78823a4ae30b5\"},\"description\":\"A trav\u00e9s del Consell Comarcal de La Segarra, se hizo una b\u00fasqueda de los puntos de inter\u00e9s m\u00e1s relevantes de la comarca para su posterior se\u00f1alizaci\u00f3n interpretativa.\",\"breadcrumb\":{\"@id\":\"https:\/\/www.in-situ.cat\/es\/turismo\/senyalitzacio-turistica-segarra\/#breadcrumb\"},\"inLanguage\":\"es\",\"potentialAction\":[{\"@type\":\"ReadAction\",\"target\":[\"https:\/\/www.in-situ.cat\/es\/turismo\/senyalitzacio-turistica-segarra\/\"]}]},{\"@type\":\"BreadcrumbList\",\"@id\":\"https:\/\/www.in-situ.cat\/es\/turismo\/senyalitzacio-turistica-segarra\/#breadcrumb\",\"itemListElement\":[{\"@type\":\"ListItem\",\"position\":1,\"name\":\"Inici\",\"item\":\"https:\/\/www.in-situ.cat\/es\/\"},{\"@type\":\"ListItem\",\"position\":2,\"name\":\"Se\u00f1alizaci\u00f3n tur\u00edstica de La Segarra\"}]},{\"@type\":\"WebSite\",\"@id\":\"https:\/\/www.in-situ.cat\/#website\",\"url\":\"https:\/\/www.in-situ.cat\/\",\"name\":\"INSITU\",\"description\":\"PATRIMONIO Y TURISMO\",\"potentialAction\":[{\"@type\":\"SearchAction\",\"target\":{\"@type\":\"EntryPoint\",\"urlTemplate\":\"https:\/\/www.in-situ.cat\/?s={search_term_string}\"},\"query-input\":\"required name=search_term_string\"}],\"inLanguage\":\"es\"},{\"@type\":\"Person\",\"@id\":\"https:\/\/www.in-situ.cat\/#\/schema\/person\/7fb3141f99199d5721d78823a4ae30b5\",\"name\":\"insitu\"}]}<\/script>\n<!-- \/ Yoast SEO plugin. -->","yoast_head_json":{"title":"Se\u00f1alizaci\u00f3n tur\u00edstica de La Segarra - INSITU - PATRIMONIO Y TURISMO","description":"A trav\u00e9s del Consell Comarcal de La Segarra, se hizo una b\u00fasqueda de los puntos de inter\u00e9s m\u00e1s relevantes de la comarca para su posterior se\u00f1alizaci\u00f3n interpretativa.","robots":{"index":"index","follow":"follow","max-snippet":"max-snippet:-1","max-image-preview":"max-image-preview:large","max-video-preview":"max-video-preview:-1"},"canonical":"https:\/\/www.in-situ.cat\/es\/turismo\/senyalitzacio-turistica-segarra\/","og_locale":"es_ES","og_type":"article","og_title":"Se\u00f1alizaci\u00f3n tur\u00edstica de La Segarra - INSITU - PATRIMONIO Y TURISMO","og_description":"A trav\u00e9s del Consell Comarcal de La Segarra, se hizo una b\u00fasqueda de los puntos de inter\u00e9s m\u00e1s relevantes de la comarca para su posterior se\u00f1alizaci\u00f3n interpretativa.","og_url":"https:\/\/www.in-situ.cat\/es\/turismo\/senyalitzacio-turistica-segarra\/","og_site_name":"INSITU","article_publisher":"https:\/\/www.facebook.com\/INSITU.Cultura.Patrimoni.Turisme\/","article_published_time":"2016-09-05T15:08:30+00:00","article_modified_time":"2016-09-07T17:33:00+00:00","og_image":[{"width":387,"height":516,"url":"https:\/\/www.in-situ.cat\/media\/insitu-turisme-senyalitzacio-segarra-1.jpg","type":"image\/jpeg"}],"author":"insitu","twitter_card":"summary_large_image","twitter_creator":"@insitupatrimoni","twitter_site":"@insitupatrimoni","twitter_misc":{"Escrito por":"insitu"},"schema":{"@context":"https:\/\/schema.org","@graph":[{"@type":"WebPage","@id":"https:\/\/www.in-situ.cat\/es\/turismo\/senyalitzacio-turistica-segarra\/","url":"https:\/\/www.in-situ.cat\/es\/turismo\/senyalitzacio-turistica-segarra\/","name":"Se\u00f1alizaci\u00f3n tur\u00edstica de La Segarra - INSITU - PATRIMONIO Y TURISMO","isPartOf":{"@id":"https:\/\/www.in-situ.cat\/#website"},"datePublished":"2016-09-05T15:08:30+00:00","dateModified":"2016-09-07T17:33:00+00:00","author":{"@id":"https:\/\/www.in-situ.cat\/#\/schema\/person\/7fb3141f99199d5721d78823a4ae30b5"},"description":"A trav\u00e9s del Consell Comarcal de La Segarra, se hizo una b\u00fasqueda de los puntos de inter\u00e9s m\u00e1s relevantes de la comarca para su posterior se\u00f1alizaci\u00f3n interpretativa.","breadcrumb":{"@id":"https:\/\/www.in-situ.cat\/es\/turismo\/senyalitzacio-turistica-segarra\/#breadcrumb"},"inLanguage":"es","potentialAction":[{"@type":"ReadAction","target":["https:\/\/www.in-situ.cat\/es\/turismo\/senyalitzacio-turistica-segarra\/"]}]},{"@type":"BreadcrumbList","@id":"https:\/\/www.in-situ.cat\/es\/turismo\/senyalitzacio-turistica-segarra\/#breadcrumb","itemListElement":[{"@type":"ListItem","position":1,"name":"Inici","item":"https:\/\/www.in-situ.cat\/es\/"},{"@type":"ListItem","position":2,"name":"Se\u00f1alizaci\u00f3n tur\u00edstica de La Segarra"}]},{"@type":"WebSite","@id":"https:\/\/www.in-situ.cat\/#website","url":"https:\/\/www.in-situ.cat\/","name":"INSITU","description":"PATRIMONIO Y TURISMO","potentialAction":[{"@type":"SearchAction","target":{"@type":"EntryPoint","urlTemplate":"https:\/\/www.in-situ.cat\/?s={search_term_string}"},"query-input":"required name=search_term_string"}],"inLanguage":"es"},{"@type":"Person","@id":"https:\/\/www.in-situ.cat\/#\/schema\/person\/7fb3141f99199d5721d78823a4ae30b5","name":"insitu"}]}},"publishpress_future_action":{"enabled":false,"date":"2026-05-08 04:09:41","action":"draft","terms":[],"taxonomy":"category"},"_links":{"self":[{"href":"https:\/\/www.in-situ.cat\/es\/wp-json\/wp\/v2\/posts\/4879"}],"collection":[{"href":"https:\/\/www.in-situ.cat\/es\/wp-json\/wp\/v2\/posts"}],"about":[{"href":"https:\/\/www.in-situ.cat\/es\/wp-json\/wp\/v2\/types\/post"}],"author":[{"embeddable":true,"href":"https:\/\/www.in-situ.cat\/es\/wp-json\/wp\/v2\/users\/3"}],"replies":[{"embeddable":true,"href":"https:\/\/www.in-situ.cat\/es\/wp-json\/wp\/v2\/comments?post=4879"}],"version-history":[{"count":0,"href":"https:\/\/www.in-situ.cat\/es\/wp-json\/wp\/v2\/posts\/4879\/revisions"}],"wp:featuredmedia":[{"embeddable":true,"href":"https:\/\/www.in-situ.cat\/es\/wp-json\/wp\/v2\/media\/4086"}],"wp:attachment":[{"href":"https:\/\/www.in-situ.cat\/es\/wp-json\/wp\/v2\/media?parent=4879"}],"wp:term":[{"taxonomy":"category","embeddable":true,"href":"https:\/\/www.in-situ.cat\/es\/wp-json\/wp\/v2\/categories?post=4879"},{"taxonomy":"post_tag","embeddable":true,"href":"https:\/\/www.in-situ.cat\/es\/wp-json\/wp\/v2\/tags?post=4879"}],"curies":[{"name":"wp","href":"https:\/\/api.w.org\/{rel}","templated":true}]}}